{"id":616,"date":"2021-08-11T15:03:14","date_gmt":"2021-08-11T13:03:14","guid":{"rendered":"https:\/\/www.andreapoggidentista.it\/?p=616"},"modified":"2021-08-11T15:05:06","modified_gmt":"2021-08-11T13:05:06","slug":"cura-dei-denti-in-vacanza-parola-al-dottor-poggi","status":"publish","type":"post","link":"https:\/\/www.andreapoggidentista.it\/cura-dei-denti-in-vacanza-parola-al-dottor-poggi\/","title":{"rendered":"Tutti i consigli per prendersi cura dei denti in vacanza: la parola al Dottor Poggi"},"content":{"rendered":"\n<h2 class=\"wp-block-heading\">Il mare, le gite in montagna, le giornate in piscina possono distrarci dal nostro impegno quotidiano nei confronti della cura dei denti e della salute orale.<\/h2>\n\n\n\n<p>Un aperitivo che si prolunga trasformandosi in cena o una degustazione di piatti al ristorante sono piaceri innegabili, ma attenzione a non dimenticarci dei nostri amati denti! <\/p>\n\n\n\n<p>In presenza di temperature elevate e osservando cattive<a href=\"https:\/\/www.andreapoggidentista.it\/index.php\/2021\/07\/14\/come-una-corretta-alimentazione-garantisce-la-salute-dei-denti\/\"> abitudini alimentari,<\/a> <strong>il rischio di infiammazione aumenta<\/strong> e la possibilit\u00e0 di trovarci in vacanza con <strong>problematiche dentali<\/strong> \u00e8 sempre pi\u00f9 presente.<\/p>\n\n\n\n<p>Proprio per questo, anche in ferie \u00e8 importante <strong>prendersi cura della propria bocca<\/strong> e prevenire le patologie derivate dalla formazione di placca e tartaro.<\/p>\n\n\n\n<p>Con <strong>i consigli del Dott. Poggi <\/strong>potrai vivere un\u2019estate ricca di emozioni, mantenendo la tua dentatura in perfetta salute. Seguici in questo approfondimento per scoprire quali sono <strong>i segreti per una corretta igiene orale d\u2019estate<\/strong>.<\/p>\n\n\n\n<div style=\"height:25px\" aria-hidden=\"true\" class=\"wp-block-spacer\"><\/div>\n\n\n\n<h2 class=\"wp-block-heading\">I consigli da seguire<\/h2>\n\n\n\n<p>Comunemente, se si parla di vacanze al mare o in montagna, troviamo sempre un modo di <strong>mantenere le buone abitudini di igiene orale<\/strong>, derivato dalle comodit\u00e0 con le quali ci circondiamo. A volte per\u00f2, pianificare un viaggio in montagna o una fuga in luoghi remoti pu\u00f2 comportare l\u2019impossibilit\u00e0 di portare con s\u00e9 un kit spazzolino dentifricio o di avere a disposizione acqua potabile.<\/p>\n\n\n\n<p><br>Vediamo come possiamo mantenere sana la nostra dentatura seguendo alcuni piccoli accorgimenti:<\/p>\n\n\n\n<ul class=\"wp-block-list\"><li>Effettuare un <strong>controllo dal proprio dentista<\/strong> di fiducia poche settimane prima della partenza, in modo da scongiurare eventuali problematiche future e monitorare le condizioni di salute della bocca;<\/li><li><strong>Spazzolare i denti dopo ogni pasto<\/strong> (se possibile) e in modo accurato, utilizzando filo interdentale e collutorio;<\/li><li>Nel caso in cui non disponeste dello spazzolino o non aveste le comodit\u00e0 necessarie per effettuare un corretto lavaggio dei denti, <strong>masticate un chewing- gum<\/strong> senza zucchero, in modo da stimolare la produzione salivare e aiutare la bocca a smaltire i residui di cibo;<\/li><li>Effettuare un <strong>consumo ridotto di bibite zuccherate<\/strong> e cibi dolci fuori pasto, che potrebbero alimentare la proliferazione dei batteri e portare alla formazione di fastidiose carie.<\/li><\/ul>\n\n\n\n<p>Consigliamo infine di portare con s\u00e9 un piccolo kit di emergenza nel caso in cui si presenti il mal di denti: antidolorifico e collutorio con clorexidina, dalle propriet\u00e0 antibatteriche e antinfiammatorie.&nbsp;<\/p>\n\n\n\n<div style=\"height:25px\" aria-hidden=\"true\" class=\"wp-block-spacer\"><\/div>\n\n\n\n<h3 class=\"wp-block-heading\">Essere prudenti e consapevoli \u00e8 importante quando si parla cura dei denti e igiene orale! Se hai bisogno di una visita di controllo pre-partenza o hai un\u2019emergenza,<a href=\"https:\/\/www.andreapoggidentista.it\/index.php\/contact-us\/\"> lo studio del Dott. Poggi \u00e8 sempre reperibile e a tua disposizione.<\/a><\/h3>\n","protected":false},"excerpt":{"rendered":"<p>Il mare, le gite in montagna, le giornate in piscina possono distrarci dal nostro impegno quotidiano nei confronti della cura dei denti e della salute orale. Un aperitivo che si prolunga trasformandosi in cena o una degustazione di piatti al ristorante sono piaceri innegabili, ma attenzione a non dimenticarci dei nostri amati denti! In presenza [&hellip;]<\/p>\n","protected":false},"author":2,"featured_media":618,"comment_status":"open","ping_status":"open","sticky":false,"template":"","format":"standard","meta":{"footnotes":""},"categories":[37,33,32],"tags":[],"class_list":["post-616","post","type-post","status-publish","format-standard","has-post-thumbnail","hentry","category-igiene-orale","category-implantologia","category-ortodonzia"],"yoast_head":"<!-- This site is optimized with the Yoast SEO plugin v20.2.1 - https:\/\/yoast.com\/wordpress\/plugins\/seo\/ -->\n<title>Tutti i consigli per prendersi cura dei denti in vacanza: la parola al Dr Poggi<\/title>\n<meta name=\"description\" content=\"Il mare, le gite in montagna, le giornate in piscina possono distrarci dall&#039;impegno quotidiano nei confronti della cura dei denti e della salute orale.\" \/>\n<meta name=\"robots\" content=\"index, follow, max-snippet:-1, max-image-preview:large, max-video-preview:-1\" \/>\n<link rel=\"canonical\" href=\"https:\/\/www.andreapoggidentista.it\/cura-dei-denti-in-vacanza-parola-al-dottor-poggi\/\" \/>\n<meta property=\"og:locale\" content=\"it_IT\" \/>\n<meta property=\"og:type\" content=\"article\" \/>\n<meta property=\"og:title\" content=\"Tutti i consigli per prendersi cura dei denti in vacanza: la parola al Dr Poggi\" \/>\n<meta property=\"og:description\" content=\"Il mare, le gite in montagna, le giornate in piscina possono distrarci dall&#039;impegno quotidiano nei confronti della cura dei denti e della salute orale.\" \/>\n<meta property=\"og:url\" content=\"https:\/\/www.andreapoggidentista.it\/cura-dei-denti-in-vacanza-parola-al-dottor-poggi\/\" \/>\n<meta property=\"og:site_name\" content=\"Andrea Poggi dentista\" \/>\n<meta property=\"article:published_time\" content=\"2021-08-11T13:03:14+00:00\" \/>\n<meta property=\"article:modified_time\" content=\"2021-08-11T13:05:06+00:00\" \/>\n<meta property=\"og:image\" content=\"https:\/\/www.andreapoggidentista.it\/wp-content\/uploads\/2021\/08\/2021-08-Studio-Dentistico-Andrea-Poggi-Cura-Denti-In-Vacanza.jpg\" \/>\n\t<meta property=\"og:image:width\" content=\"626\" \/>\n\t<meta property=\"og:image:height\" content=\"417\" \/>\n\t<meta property=\"og:image:type\" content=\"image\/jpeg\" \/>\n<meta name=\"author\" content=\"Mondored\" \/>\n<meta name=\"twitter:card\" content=\"summary_large_image\" \/>\n<meta name=\"twitter:label1\" content=\"Scritto da\" \/>\n\t<meta name=\"twitter:data1\" content=\"Mondored\" \/>\n\t<meta name=\"twitter:label2\" content=\"Tempo di lettura stimato\" \/>\n\t<meta name=\"twitter:data2\" content=\"2 minuti\" \/>\n<script type=\"application\/ld+json\" class=\"yoast-schema-graph\">{\"@context\":\"https:\/\/schema.org\",\"@graph\":[{\"@type\":\"WebPage\",\"@id\":\"https:\/\/www.andreapoggidentista.it\/cura-dei-denti-in-vacanza-parola-al-dottor-poggi\/\",\"url\":\"https:\/\/www.andreapoggidentista.it\/cura-dei-denti-in-vacanza-parola-al-dottor-poggi\/\",\"name\":\"Tutti i consigli per prendersi cura dei denti in vacanza: la parola al Dr Poggi\",\"isPartOf\":{\"@id\":\"https:\/\/www.andreapoggidentista.it\/#website\"},\"datePublished\":\"2021-08-11T13:03:14+00:00\",\"dateModified\":\"2021-08-11T13:05:06+00:00\",\"author\":{\"@id\":\"https:\/\/www.andreapoggidentista.it\/#\/schema\/person\/c71278869e86904530520f1f5e110b13\"},\"description\":\"Il mare, le gite in montagna, le giornate in piscina possono distrarci dall'impegno quotidiano nei confronti della cura dei denti e della salute orale.\",\"breadcrumb\":{\"@id\":\"https:\/\/www.andreapoggidentista.it\/cura-dei-denti-in-vacanza-parola-al-dottor-poggi\/#breadcrumb\"},\"inLanguage\":\"it-IT\",\"potentialAction\":[{\"@type\":\"ReadAction\",\"target\":[\"https:\/\/www.andreapoggidentista.it\/cura-dei-denti-in-vacanza-parola-al-dottor-poggi\/\"]}]},{\"@type\":\"BreadcrumbList\",\"@id\":\"https:\/\/www.andreapoggidentista.it\/cura-dei-denti-in-vacanza-parola-al-dottor-poggi\/#breadcrumb\",\"itemListElement\":[{\"@type\":\"ListItem\",\"position\":1,\"name\":\"Home\",\"item\":\"https:\/\/www.andreapoggidentista.it\/\"},{\"@type\":\"ListItem\",\"position\":2,\"name\":\"Tutti i consigli per prendersi cura dei denti in vacanza: la parola al Dottor Poggi\"}]},{\"@type\":\"WebSite\",\"@id\":\"https:\/\/www.andreapoggidentista.it\/#website\",\"url\":\"https:\/\/www.andreapoggidentista.it\/\",\"name\":\"Andrea Poggi dentista\",\"description\":\"Riscopri il piacere di tornare a sorridere!\",\"potentialAction\":[{\"@type\":\"SearchAction\",\"target\":{\"@type\":\"EntryPoint\",\"urlTemplate\":\"https:\/\/www.andreapoggidentista.it\/?s={search_term_string}\"},\"query-input\":\"required name=search_term_string\"}],\"inLanguage\":\"it-IT\"},{\"@type\":\"Person\",\"@id\":\"https:\/\/www.andreapoggidentista.it\/#\/schema\/person\/c71278869e86904530520f1f5e110b13\",\"name\":\"Mondored\",\"image\":{\"@type\":\"ImageObject\",\"inLanguage\":\"it-IT\",\"@id\":\"https:\/\/www.andreapoggidentista.it\/#\/schema\/person\/image\/\",\"url\":\"https:\/\/secure.gravatar.com\/avatar\/a0f1d3ef94ef10cada0ec85297cf814accb7b9826ac1271a7585220b830bdfff?s=96&d=mm&r=g\",\"contentUrl\":\"https:\/\/secure.gravatar.com\/avatar\/a0f1d3ef94ef10cada0ec85297cf814accb7b9826ac1271a7585220b830bdfff?s=96&d=mm&r=g\",\"caption\":\"Mondored\"},\"url\":\"https:\/\/www.andreapoggidentista.it\/author\/local\/\"}]}<\/script>\n<!-- \/ Yoast SEO plugin. -->","yoast_head_json":{"title":"Tutti i consigli per prendersi cura dei denti in vacanza: la parola al Dr Poggi","description":"Il mare, le gite in montagna, le giornate in piscina possono distrarci dall'impegno quotidiano nei confronti della cura dei denti e della salute orale.","robots":{"index":"index","follow":"follow","max-snippet":"max-snippet:-1","max-image-preview":"max-image-preview:large","max-video-preview":"max-video-preview:-1"},"canonical":"https:\/\/www.andreapoggidentista.it\/cura-dei-denti-in-vacanza-parola-al-dottor-poggi\/","og_locale":"it_IT","og_type":"article","og_title":"Tutti i consigli per prendersi cura dei denti in vacanza: la parola al Dr Poggi","og_description":"Il mare, le gite in montagna, le giornate in piscina possono distrarci dall'impegno quotidiano nei confronti della cura dei denti e della salute orale.","og_url":"https:\/\/www.andreapoggidentista.it\/cura-dei-denti-in-vacanza-parola-al-dottor-poggi\/","og_site_name":"Andrea Poggi dentista","article_published_time":"2021-08-11T13:03:14+00:00","article_modified_time":"2021-08-11T13:05:06+00:00","og_image":[{"width":626,"height":417,"url":"https:\/\/www.andreapoggidentista.it\/wp-content\/uploads\/2021\/08\/2021-08-Studio-Dentistico-Andrea-Poggi-Cura-Denti-In-Vacanza.jpg","type":"image\/jpeg"}],"author":"Mondored","twitter_card":"summary_large_image","twitter_misc":{"Scritto da":"Mondored","Tempo di lettura stimato":"2 minuti"},"schema":{"@context":"https:\/\/schema.org","@graph":[{"@type":"WebPage","@id":"https:\/\/www.andreapoggidentista.it\/cura-dei-denti-in-vacanza-parola-al-dottor-poggi\/","url":"https:\/\/www.andreapoggidentista.it\/cura-dei-denti-in-vacanza-parola-al-dottor-poggi\/","name":"Tutti i consigli per prendersi cura dei denti in vacanza: la parola al Dr Poggi","isPartOf":{"@id":"https:\/\/www.andreapoggidentista.it\/#website"},"datePublished":"2021-08-11T13:03:14+00:00","dateModified":"2021-08-11T13:05:06+00:00","author":{"@id":"https:\/\/www.andreapoggidentista.it\/#\/schema\/person\/c71278869e86904530520f1f5e110b13"},"description":"Il mare, le gite in montagna, le giornate in piscina possono distrarci dall'impegno quotidiano nei confronti della cura dei denti e della salute orale.","breadcrumb":{"@id":"https:\/\/www.andreapoggidentista.it\/cura-dei-denti-in-vacanza-parola-al-dottor-poggi\/#breadcrumb"},"inLanguage":"it-IT","potentialAction":[{"@type":"ReadAction","target":["https:\/\/www.andreapoggidentista.it\/cura-dei-denti-in-vacanza-parola-al-dottor-poggi\/"]}]},{"@type":"BreadcrumbList","@id":"https:\/\/www.andreapoggidentista.it\/cura-dei-denti-in-vacanza-parola-al-dottor-poggi\/#breadcrumb","itemListElement":[{"@type":"ListItem","position":1,"name":"Home","item":"https:\/\/www.andreapoggidentista.it\/"},{"@type":"ListItem","position":2,"name":"Tutti i consigli per prendersi cura dei denti in vacanza: la parola al Dottor Poggi"}]},{"@type":"WebSite","@id":"https:\/\/www.andreapoggidentista.it\/#website","url":"https:\/\/www.andreapoggidentista.it\/","name":"Andrea Poggi dentista","description":"Riscopri il piacere di tornare a sorridere!","potentialAction":[{"@type":"SearchAction","target":{"@type":"EntryPoint","urlTemplate":"https:\/\/www.andreapoggidentista.it\/?s={search_term_string}"},"query-input":"required name=search_term_string"}],"inLanguage":"it-IT"},{"@type":"Person","@id":"https:\/\/www.andreapoggidentista.it\/#\/schema\/person\/c71278869e86904530520f1f5e110b13","name":"Mondored","image":{"@type":"ImageObject","inLanguage":"it-IT","@id":"https:\/\/www.andreapoggidentista.it\/#\/schema\/person\/image\/","url":"https:\/\/secure.gravatar.com\/avatar\/a0f1d3ef94ef10cada0ec85297cf814accb7b9826ac1271a7585220b830bdfff?s=96&d=mm&r=g","contentUrl":"https:\/\/secure.gravatar.com\/avatar\/a0f1d3ef94ef10cada0ec85297cf814accb7b9826ac1271a7585220b830bdfff?s=96&d=mm&r=g","caption":"Mondored"},"url":"https:\/\/www.andreapoggidentista.it\/author\/local\/"}]}},"_links":{"self":[{"href":"https:\/\/www.andreapoggidentista.it\/wp-json\/wp\/v2\/posts\/616","targetHints":{"allow":["GET"]}}],"collection":[{"href":"https:\/\/www.andreapoggidentista.it\/wp-json\/wp\/v2\/posts"}],"about":[{"href":"https:\/\/www.andreapoggidentista.it\/wp-json\/wp\/v2\/types\/post"}],"author":[{"embeddable":true,"href":"https:\/\/www.andreapoggidentista.it\/wp-json\/wp\/v2\/users\/2"}],"replies":[{"embeddable":true,"href":"https:\/\/www.andreapoggidentista.it\/wp-json\/wp\/v2\/comments?post=616"}],"version-history":[{"count":2,"href":"https:\/\/www.andreapoggidentista.it\/wp-json\/wp\/v2\/posts\/616\/revisions"}],"predecessor-version":[{"id":619,"href":"https:\/\/www.andreapoggidentista.it\/wp-json\/wp\/v2\/posts\/616\/revisions\/619"}],"wp:featuredmedia":[{"embeddable":true,"href":"https:\/\/www.andreapoggidentista.it\/wp-json\/wp\/v2\/media\/618"}],"wp:attachment":[{"href":"https:\/\/www.andreapoggidentista.it\/wp-json\/wp\/v2\/media?parent=616"}],"wp:term":[{"taxonomy":"category","embeddable":true,"href":"https:\/\/www.andreapoggidentista.it\/wp-json\/wp\/v2\/categories?post=616"},{"taxonomy":"post_tag","embeddable":true,"href":"https:\/\/www.andreapoggidentista.it\/wp-json\/wp\/v2\/tags?post=616"}],"curies":[{"name":"wp","href":"https:\/\/api.w.org\/{rel}","templated":true}]}}