{"id":586,"date":"2021-07-07T11:49:36","date_gmt":"2021-07-07T09:49:36","guid":{"rendered":"https:\/\/www.andreapoggidentista.it\/?p=586"},"modified":"2021-07-07T11:49:38","modified_gmt":"2021-07-07T09:49:38","slug":"pericoronite-i-sintomi-e-le-cause-della-gengiva-infiammata","status":"publish","type":"post","link":"https:\/\/www.andreapoggidentista.it\/pericoronite-i-sintomi-e-le-cause-della-gengiva-infiammata\/","title":{"rendered":"Pericoronite: i sintomi e le cause della gengiva infiammata"},"content":{"rendered":"\n<h2 class=\"wp-block-heading\">Avete mai sentito parlare della pericoronite? Si tratta di uno stato infiammatorio che colpisce la gengiva durante la fase di eruzione del dente. <\/h2>\n\n\n\n<p>Nello specifico, molto spesso coinvolge i denti del giudizio che in pochissimi casi dispongono dello spazio necessario per la loro corretta eruzione. <\/p>\n\n\n\n<p>La pericoronite pu\u00f2 essere sia acuta che cronica. Scopriamo maggiori informazioni nel corso dell&#8217;approfondimento a cura del Dentista Andrea Poggi. <\/p>\n\n\n\n<div style=\"height:25px\" aria-hidden=\"true\" class=\"wp-block-spacer\"><\/div>\n\n\n\n<h2 class=\"wp-block-heading\">Cause e sintomi <\/h2>\n\n\n\n<p><strong>La pericoronite<\/strong> si manifesta quando un dente emerge, totalmente o parzialmente, infiammando la gengiva. <\/p>\n\n\n\n<p>In questa specifica situazione, si genera una sacca virale in cui i batteri entrano e generano infezioni intorno al dente. L&#8217;accumulo di batteri, i quali rimangono intrappolati sotto il lembo della gengiva, possono portare allo sviluppo di un ascesso dentale. <\/p>\n\n\n\n<p>La pericoronite \u00e8 quindi un&#8217;infiammazione che pu\u00f2 estendersi anche a tutta la mascella, portando all&#8217;insorgenza di disturbi al normale processo di masticazione. <\/p>\n\n\n\n<p>Le cause della pericoronite sono attribuibili a: residui di cibo, traumi, posizione anomala del dente in uscita e infezioni. <\/p>\n\n\n\n<p>I sintomi pi\u00f9 comuni, invece sono dolore al viso, gengive gonfie e arrossate, alitosi, cattivo sapore in bocca, difficolt\u00e0 di apertura della mandibola, difficolt\u00e0 nella deglutizione, febbre, perdita di appetito, linfonodi del collo gonfi e mal di gola. <\/p>\n\n\n\n<div style=\"height:25px\" aria-hidden=\"true\" class=\"wp-block-spacer\"><\/div>\n\n\n\n<h2 class=\"wp-block-heading\">La pericoronite acuta e cronica <\/h2>\n\n\n\n<p>Lo stato di infiammazione pu\u00f2 essere di due tipologie: <\/p>\n\n\n\n<ol class=\"wp-block-list\"><li>Acuto. Si manifesta nel paziente improvvisamente, ha una durata breve ed \u00e8 una forma che interessa due strutture adiacenti. <\/li><li>Cronico. SI verifica con maggior periodicit\u00e0, presentando pochi sintomi, ma evidenziando alcuni segni dello stato di processo infiammatorio avanzato. <\/li><\/ol>\n\n\n\n<p>Dopo un&#8217;opportuna valutazione da parte del Dottor Andrea Poggi, sar\u00e0 possibile intervenire in tre modi, a seconda dello stadio della patologia.<\/p>\n\n\n\n<p>Innanzitutto, viene gestito&nbsp;<strong>prima il dolore<\/strong>, passando poi in una seconda fase alla&nbsp;<strong>cura<\/strong>&nbsp;<strong>dell\u2019infiammazione<\/strong>&nbsp;o dell\u2019infezione pericoronale. Alla fine, se necessario, con&nbsp;<strong>piccolo intervento di chirurgia orale,<\/strong>&nbsp;\u00e8 possibile rimuovere il tessuto gengivale sovrapposto.<\/p>\n\n\n\n<div style=\"height:25px\" aria-hidden=\"true\" class=\"wp-block-spacer\"><\/div>\n\n\n\n<h3 class=\"wp-block-heading\">Hai bisogno di altre informazioni o vorresti dei chiarimenti in merito alla pericoronite?<br>Non esitare,&nbsp;<a href=\"https:\/\/www.andreapoggidentista.it\/index.php\/contact-us\/\">contattaci e saremo lieti di rispondere ai tuoi quesiti!<\/a><\/h3>\n","protected":false},"excerpt":{"rendered":"<p>Avete mai sentito parlare della pericoronite? Si tratta di uno stato infiammatorio che colpisce la gengiva durante la fase di eruzione del dente. Nello specifico, molto spesso coinvolge i denti del giudizio che in pochissimi casi dispongono dello spazio necessario per la loro corretta eruzione. La pericoronite pu\u00f2 essere sia acuta che cronica. Scopriamo maggiori [&hellip;]<\/p>\n","protected":false},"author":2,"featured_media":587,"comment_status":"open","ping_status":"open","sticky":false,"template":"","format":"standard","meta":{"footnotes":""},"categories":[37],"tags":[],"class_list":["post-586","post","type-post","status-publish","format-standard","has-post-thumbnail","hentry","category-igiene-orale"],"yoast_head":"<!-- This site is optimized with the Yoast SEO plugin v20.2.1 - https:\/\/yoast.com\/wordpress\/plugins\/seo\/ -->\n<title>Pericoronite: i sintomi e le cause della gengiva infiammata - Andrea Poggi dentista<\/title>\n<meta name=\"description\" content=\"La pericoronite \u00e8 uno stato infiammatorio, acuto o cronico, che colpisce la gengiva durante la fase di eruzione del dente.\" \/>\n<meta name=\"robots\" content=\"index, follow, max-snippet:-1, max-image-preview:large, max-video-preview:-1\" \/>\n<link rel=\"canonical\" href=\"https:\/\/www.andreapoggidentista.it\/pericoronite-i-sintomi-e-le-cause-della-gengiva-infiammata\/\" \/>\n<meta property=\"og:locale\" content=\"it_IT\" \/>\n<meta property=\"og:type\" content=\"article\" \/>\n<meta property=\"og:title\" content=\"Pericoronite: i sintomi e le cause della gengiva infiammata - Andrea Poggi dentista\" \/>\n<meta property=\"og:description\" content=\"La pericoronite \u00e8 uno stato infiammatorio, acuto o cronico, che colpisce la gengiva durante la fase di eruzione del dente.\" \/>\n<meta property=\"og:url\" content=\"https:\/\/www.andreapoggidentista.it\/pericoronite-i-sintomi-e-le-cause-della-gengiva-infiammata\/\" \/>\n<meta property=\"og:site_name\" content=\"Andrea Poggi dentista\" \/>\n<meta property=\"article:published_time\" content=\"2021-07-07T09:49:36+00:00\" \/>\n<meta property=\"article:modified_time\" content=\"2021-07-07T09:49:38+00:00\" \/>\n<meta property=\"og:image\" content=\"https:\/\/www.andreapoggidentista.it\/wp-content\/uploads\/2021\/07\/2021-06-Studio-Dentistico-Andrea-Poggi-Pericoronite.jpg\" \/>\n\t<meta property=\"og:image:width\" content=\"626\" \/>\n\t<meta property=\"og:image:height\" content=\"417\" \/>\n\t<meta property=\"og:image:type\" content=\"image\/jpeg\" \/>\n<meta name=\"author\" content=\"Mondored\" \/>\n<meta name=\"twitter:card\" content=\"summary_large_image\" \/>\n<meta name=\"twitter:label1\" content=\"Scritto da\" \/>\n\t<meta name=\"twitter:data1\" content=\"Mondored\" \/>\n\t<meta name=\"twitter:label2\" content=\"Tempo di lettura stimato\" \/>\n\t<meta name=\"twitter:data2\" content=\"2 minuti\" \/>\n<script type=\"application\/ld+json\" class=\"yoast-schema-graph\">{\"@context\":\"https:\/\/schema.org\",\"@graph\":[{\"@type\":\"WebPage\",\"@id\":\"https:\/\/www.andreapoggidentista.it\/pericoronite-i-sintomi-e-le-cause-della-gengiva-infiammata\/\",\"url\":\"https:\/\/www.andreapoggidentista.it\/pericoronite-i-sintomi-e-le-cause-della-gengiva-infiammata\/\",\"name\":\"Pericoronite: i sintomi e le cause della gengiva infiammata - Andrea Poggi dentista\",\"isPartOf\":{\"@id\":\"https:\/\/www.andreapoggidentista.it\/#website\"},\"datePublished\":\"2021-07-07T09:49:36+00:00\",\"dateModified\":\"2021-07-07T09:49:38+00:00\",\"author\":{\"@id\":\"https:\/\/www.andreapoggidentista.it\/#\/schema\/person\/c71278869e86904530520f1f5e110b13\"},\"description\":\"La pericoronite \u00e8 uno stato infiammatorio, acuto o cronico, che colpisce la gengiva durante la fase di eruzione del dente.\",\"breadcrumb\":{\"@id\":\"https:\/\/www.andreapoggidentista.it\/pericoronite-i-sintomi-e-le-cause-della-gengiva-infiammata\/#breadcrumb\"},\"inLanguage\":\"it-IT\",\"potentialAction\":[{\"@type\":\"ReadAction\",\"target\":[\"https:\/\/www.andreapoggidentista.it\/pericoronite-i-sintomi-e-le-cause-della-gengiva-infiammata\/\"]}]},{\"@type\":\"BreadcrumbList\",\"@id\":\"https:\/\/www.andreapoggidentista.it\/pericoronite-i-sintomi-e-le-cause-della-gengiva-infiammata\/#breadcrumb\",\"itemListElement\":[{\"@type\":\"ListItem\",\"position\":1,\"name\":\"Home\",\"item\":\"https:\/\/www.andreapoggidentista.it\/\"},{\"@type\":\"ListItem\",\"position\":2,\"name\":\"Pericoronite: i sintomi e le cause della gengiva infiammata\"}]},{\"@type\":\"WebSite\",\"@id\":\"https:\/\/www.andreapoggidentista.it\/#website\",\"url\":\"https:\/\/www.andreapoggidentista.it\/\",\"name\":\"Andrea Poggi dentista\",\"description\":\"Riscopri il piacere di tornare a sorridere!\",\"potentialAction\":[{\"@type\":\"SearchAction\",\"target\":{\"@type\":\"EntryPoint\",\"urlTemplate\":\"https:\/\/www.andreapoggidentista.it\/?s={search_term_string}\"},\"query-input\":\"required name=search_term_string\"}],\"inLanguage\":\"it-IT\"},{\"@type\":\"Person\",\"@id\":\"https:\/\/www.andreapoggidentista.it\/#\/schema\/person\/c71278869e86904530520f1f5e110b13\",\"name\":\"Mondored\",\"image\":{\"@type\":\"ImageObject\",\"inLanguage\":\"it-IT\",\"@id\":\"https:\/\/www.andreapoggidentista.it\/#\/schema\/person\/image\/\",\"url\":\"https:\/\/secure.gravatar.com\/avatar\/a0f1d3ef94ef10cada0ec85297cf814accb7b9826ac1271a7585220b830bdfff?s=96&d=mm&r=g\",\"contentUrl\":\"https:\/\/secure.gravatar.com\/avatar\/a0f1d3ef94ef10cada0ec85297cf814accb7b9826ac1271a7585220b830bdfff?s=96&d=mm&r=g\",\"caption\":\"Mondored\"},\"url\":\"https:\/\/www.andreapoggidentista.it\/author\/local\/\"}]}<\/script>\n<!-- \/ Yoast SEO plugin. -->","yoast_head_json":{"title":"Pericoronite: i sintomi e le cause della gengiva infiammata - Andrea Poggi dentista","description":"La pericoronite \u00e8 uno stato infiammatorio, acuto o cronico, che colpisce la gengiva durante la fase di eruzione del dente.","robots":{"index":"index","follow":"follow","max-snippet":"max-snippet:-1","max-image-preview":"max-image-preview:large","max-video-preview":"max-video-preview:-1"},"canonical":"https:\/\/www.andreapoggidentista.it\/pericoronite-i-sintomi-e-le-cause-della-gengiva-infiammata\/","og_locale":"it_IT","og_type":"article","og_title":"Pericoronite: i sintomi e le cause della gengiva infiammata - Andrea Poggi dentista","og_description":"La pericoronite \u00e8 uno stato infiammatorio, acuto o cronico, che colpisce la gengiva durante la fase di eruzione del dente.","og_url":"https:\/\/www.andreapoggidentista.it\/pericoronite-i-sintomi-e-le-cause-della-gengiva-infiammata\/","og_site_name":"Andrea Poggi dentista","article_published_time":"2021-07-07T09:49:36+00:00","article_modified_time":"2021-07-07T09:49:38+00:00","og_image":[{"width":626,"height":417,"url":"https:\/\/www.andreapoggidentista.it\/wp-content\/uploads\/2021\/07\/2021-06-Studio-Dentistico-Andrea-Poggi-Pericoronite.jpg","type":"image\/jpeg"}],"author":"Mondored","twitter_card":"summary_large_image","twitter_misc":{"Scritto da":"Mondored","Tempo di lettura stimato":"2 minuti"},"schema":{"@context":"https:\/\/schema.org","@graph":[{"@type":"WebPage","@id":"https:\/\/www.andreapoggidentista.it\/pericoronite-i-sintomi-e-le-cause-della-gengiva-infiammata\/","url":"https:\/\/www.andreapoggidentista.it\/pericoronite-i-sintomi-e-le-cause-della-gengiva-infiammata\/","name":"Pericoronite: i sintomi e le cause della gengiva infiammata - Andrea Poggi dentista","isPartOf":{"@id":"https:\/\/www.andreapoggidentista.it\/#website"},"datePublished":"2021-07-07T09:49:36+00:00","dateModified":"2021-07-07T09:49:38+00:00","author":{"@id":"https:\/\/www.andreapoggidentista.it\/#\/schema\/person\/c71278869e86904530520f1f5e110b13"},"description":"La pericoronite \u00e8 uno stato infiammatorio, acuto o cronico, che colpisce la gengiva durante la fase di eruzione del dente.","breadcrumb":{"@id":"https:\/\/www.andreapoggidentista.it\/pericoronite-i-sintomi-e-le-cause-della-gengiva-infiammata\/#breadcrumb"},"inLanguage":"it-IT","potentialAction":[{"@type":"ReadAction","target":["https:\/\/www.andreapoggidentista.it\/pericoronite-i-sintomi-e-le-cause-della-gengiva-infiammata\/"]}]},{"@type":"BreadcrumbList","@id":"https:\/\/www.andreapoggidentista.it\/pericoronite-i-sintomi-e-le-cause-della-gengiva-infiammata\/#breadcrumb","itemListElement":[{"@type":"ListItem","position":1,"name":"Home","item":"https:\/\/www.andreapoggidentista.it\/"},{"@type":"ListItem","position":2,"name":"Pericoronite: i sintomi e le cause della gengiva infiammata"}]},{"@type":"WebSite","@id":"https:\/\/www.andreapoggidentista.it\/#website","url":"https:\/\/www.andreapoggidentista.it\/","name":"Andrea Poggi dentista","description":"Riscopri il piacere di tornare a sorridere!","potentialAction":[{"@type":"SearchAction","target":{"@type":"EntryPoint","urlTemplate":"https:\/\/www.andreapoggidentista.it\/?s={search_term_string}"},"query-input":"required name=search_term_string"}],"inLanguage":"it-IT"},{"@type":"Person","@id":"https:\/\/www.andreapoggidentista.it\/#\/schema\/person\/c71278869e86904530520f1f5e110b13","name":"Mondored","image":{"@type":"ImageObject","inLanguage":"it-IT","@id":"https:\/\/www.andreapoggidentista.it\/#\/schema\/person\/image\/","url":"https:\/\/secure.gravatar.com\/avatar\/a0f1d3ef94ef10cada0ec85297cf814accb7b9826ac1271a7585220b830bdfff?s=96&d=mm&r=g","contentUrl":"https:\/\/secure.gravatar.com\/avatar\/a0f1d3ef94ef10cada0ec85297cf814accb7b9826ac1271a7585220b830bdfff?s=96&d=mm&r=g","caption":"Mondored"},"url":"https:\/\/www.andreapoggidentista.it\/author\/local\/"}]}},"_links":{"self":[{"href":"https:\/\/www.andreapoggidentista.it\/wp-json\/wp\/v2\/posts\/586","targetHints":{"allow":["GET"]}}],"collection":[{"href":"https:\/\/www.andreapoggidentista.it\/wp-json\/wp\/v2\/posts"}],"about":[{"href":"https:\/\/www.andreapoggidentista.it\/wp-json\/wp\/v2\/types\/post"}],"author":[{"embeddable":true,"href":"https:\/\/www.andreapoggidentista.it\/wp-json\/wp\/v2\/users\/2"}],"replies":[{"embeddable":true,"href":"https:\/\/www.andreapoggidentista.it\/wp-json\/wp\/v2\/comments?post=586"}],"version-history":[{"count":1,"href":"https:\/\/www.andreapoggidentista.it\/wp-json\/wp\/v2\/posts\/586\/revisions"}],"predecessor-version":[{"id":588,"href":"https:\/\/www.andreapoggidentista.it\/wp-json\/wp\/v2\/posts\/586\/revisions\/588"}],"wp:featuredmedia":[{"embeddable":true,"href":"https:\/\/www.andreapoggidentista.it\/wp-json\/wp\/v2\/media\/587"}],"wp:attachment":[{"href":"https:\/\/www.andreapoggidentista.it\/wp-json\/wp\/v2\/media?parent=586"}],"wp:term":[{"taxonomy":"category","embeddable":true,"href":"https:\/\/www.andreapoggidentista.it\/wp-json\/wp\/v2\/categories?post=586"},{"taxonomy":"post_tag","embeddable":true,"href":"https:\/\/www.andreapoggidentista.it\/wp-json\/wp\/v2\/tags?post=586"}],"curies":[{"name":"wp","href":"https:\/\/api.w.org\/{rel}","templated":true}]}}